{"id":968,"date":"2023-04-10T15:28:54","date_gmt":"2023-04-10T13:28:54","guid":{"rendered":"http:\/\/mont-aveyron.com\/?p=968"},"modified":"2023-04-12T19:17:08","modified_gmt":"2023-04-12T17:17:08","slug":"mont-aveyron-2023","status":"publish","type":"post","link":"https:\/\/mont-aveyron.com\/index.php\/2023\/04\/10\/mont-aveyron-2023\/","title":{"rendered":"MONT-AVEYRON 2023"},"content":{"rendered":"\n<figure class=\"wp-block-gallery has-nested-images columns-default is-cropped wp-block-gallery-1 is-layout-flex wp-block-gallery-is-layout-flex\"><\/figure>\n\n\n\n<h2 class=\"wp-block-heading has-text-align-center has-white-color has-text-color has-background has-medium-font-size\" style=\"background-color:#b52dcf;font-style:normal;font-weight:900;text-transform:uppercase\"> <strong>24 ET 25 JUIN 2023 | PLACE DES ABBESSES<\/strong><\/h2>\n\n\n\n<p><strong>Le Cercle Aveyronnais de Montmartre r\u00e9unit les Aveyronnais de Paris et de la butte de Montmartre pour une f\u00eate autour de de notre r\u00e9gion d\u2019origine : l\u2019Aveyron. Avec l&rsquo;appui de la F\u00e9d\u00e9ration des Aveyronnais d&rsquo;Ici et d&rsquo;Ailleurs et de la Mairie de Paris, cette grande f\u00eate sera une premi\u00e8re \u00e0 ne manquer sous aucun pr\u00e9texte<\/strong>.<\/p>\n\n\n\n<hr class=\"wp-block-separator has-alpha-channel-opacity is-style-dots\"\/>\n\n\n\n<h3 class=\"wp-block-heading has-text-align-center has-medium-font-size\">La place des Abbesses aux couleurs de l&rsquo;Aveyron<\/h3>\n\n\n\n<p>Chaque ann\u00e9e, notre quartier Lepic-Abbesses organise en janvier la grande F\u00eate de la Coquille pour accueillir ses amis bretons, et participe activement \u00e0 la grande f\u00eate des vendanges qui a lieu le premier week-end d\u2019octobre. Fort de ces exp\u00e9riences, le CAM est heureux d\u2019accueillir \u00e0 son tour ses amis de l\u2019Aveyron <strong>au c\u0153ur de Montmartre pour un week-end d\u2019amiti\u00e9, de partage et de challenge les 24 et 25 juin prochains.<\/strong><\/p>\n\n\n\n<p>Situ\u00e9e entre le Moulin Rouge et le Sacr\u00e9-C\u0153ur, la c\u00e9l\u00e8bre Place des Abbesses va se transformer en un <strong>village 100% Aveyronnais <\/strong>pour faire d\u00e9couvrir notre magnifique r\u00e9gion, ses produits r\u00e9gionaux autour de 25 producteurs, des animations folkloriques et la pr\u00e9sence du groupe 100% Ruth\u00e9nois : <strong>Les D\u00e9ryves<\/strong><\/p>\n\n\n\n<hr class=\"wp-block-separator has-alpha-channel-opacity is-style-dots\"\/>\n\n\n\n<h3 class=\"wp-block-heading has-text-align-center has-medium-font-size\">Montmartre accueil la premi\u00e8re Coupe du Monde de Fil d&rsquo;Aligot<\/h3>\n\n\n\n<p>Cet \u00e9v\u00e9nement marquera aussi l\u2019organisation de la<strong> premi\u00e8re Coupe du Monde de Fil d\u2019Aligot<\/strong>, une comp\u00e9tition officielle qui r\u00e9unit pour la premi\u00e8re fois les trois derniers d\u00e9tenteurs du record du monde de la discipline. L&rsquo;\u00e9v\u00e9nement aura lieu le <strong>samedi 24 juin 2023 \u00e0 partir de 16h30<\/strong>.<\/p>\n\n\n\n<hr class=\"wp-block-separator has-alpha-channel-opacity is-style-dots\"\/>\n\n\n\n<h3 class=\"wp-block-heading has-text-align-center has-medium-font-size\">Jo Di Bona, Parrain du Mont Aveyron 2023<\/h3>\n\n\n\n<p>L&rsquo;artiste de Street art est un proche de l&rsquo;Aveyron. <strong>Jo Di Bona<\/strong> a notamment participer au grand festival de Street Art de <strong>Decazeville<\/strong>. et l&rsquo;artiste a \u00e0 accepter d&rsquo;\u00eatre le parrain de Montmartre. En plus de la magnifique affiche qu&rsquo;il va r\u00e9aliser pour l&rsquo;occasion, il ex\u00e9cutera le <strong>dimanche 25 juin de 8h \u00e0 18h, un Live-Art <\/strong>sur la place en r\u00e9alisant une \u0153uvre de 2,50 m\u00e8tres de hauteur par 5 m\u00e8tres de long pour rendre hommage au peintre aveyronnais: <strong>Pierre Soulages. <\/strong><\/p>\n\n\n\n<hr class=\"wp-block-separator has-alpha-channel-opacity is-style-dots\"\/>\n\n\n\n<h2 class=\"wp-block-heading has-text-align-center has-medium-font-size\">Rendez-vous les 24 et 25 juin 2023<\/h2>\n\n\n\n<p>L&rsquo;\u00e9quipe du <strong>cercle Aveyronnais de Montmartre<\/strong> est heureuse de vous inviter \u00e0 ce grand week-end de f\u00eate et de challenges. En organisant le <strong>Mont-Aveyron<\/strong>, chacun d&rsquo;entre nous veut rendre \u00e0 l&rsquo;Aveyron ce qu&rsquo;il nous donne, alors cet \u00e9v\u00e9nement est aussi le votre : <strong>Nous comptons sur vous<\/strong> ! <\/p>\n\n\n\n<p class=\"has-text-align-center\"><strong>Amiti\u00e9s Aveyronnaises,<\/strong><\/p>\n\n\n\n<p class=\"has-text-align-center\"><strong>Thierry Campion, Benjamin RIOT, Franck De Bona <\/strong><\/p>\n\n\n\n<figure class=\"wp-block-image size-large\"><img loading=\"lazy\" decoding=\"async\" width=\"794\" height=\"1024\" src=\"http:\/\/mont-aveyron.com\/wp-content\/uploads\/2023\/04\/CPR-22-janvier-2023-dimanche-AVEYRONNAIS-5-794x1024.png\" alt=\"\" class=\"wp-image-971\" srcset=\"https:\/\/mont-aveyron.com\/wp-content\/uploads\/2023\/04\/CPR-22-janvier-2023-dimanche-AVEYRONNAIS-5-794x1024.png 794w, https:\/\/mont-aveyron.com\/wp-content\/uploads\/2023\/04\/CPR-22-janvier-2023-dimanche-AVEYRONNAIS-5-233x300.png 233w, https:\/\/mont-aveyron.com\/wp-content\/uploads\/2023\/04\/CPR-22-janvier-2023-dimanche-AVEYRONNAIS-5-768x990.png 768w, https:\/\/mont-aveyron.com\/wp-content\/uploads\/2023\/04\/CPR-22-janvier-2023-dimanche-AVEYRONNAIS-5.png 820w\" sizes=\"auto, (max-width: 794px) 100vw, 794px\" \/><\/figure>\n","protected":false},"excerpt":{"rendered":"<p>24 ET 25 JUIN 2023 | PLACE DES ABBESSES Le Cercle Aveyronnais de Montmartre r\u00e9unit les Aveyronnais de Paris et de la butte de Montmartre pour une f\u00eate autour de de notre r\u00e9gion d\u2019origine : l\u2019Aveyron. Avec l&rsquo;appui de la F\u00e9d\u00e9ration des Aveyronnais d&rsquo;Ici et d&rsquo;Ailleurs et de la Mairie de Paris, cette grande f\u00eate sera une premi\u00e8re \u00e0 ne manquer sous aucun pr\u00e9texte. La place des Abbesses aux couleurs de l&rsquo;Aveyron Chaque ann\u00e9e, notre quartier Lepic-Abbesses organise en janvier la grande F\u00eate de la Coquille pour accueillir ses amis bretons, et participe activement \u00e0 la grande f\u00eate des vendanges qui a lieu le premier week-end d\u2019octobre. Fort de ces exp\u00e9riences, le CAM est heureux d\u2019accueillir \u00e0 son tour ses amis de l\u2019Aveyron au c\u0153ur de Montmartre pour un week-end d\u2019amiti\u00e9, de partage et de challenge les 24 et 25 juin prochains. Situ\u00e9e entre le Moulin Rouge et le Sacr\u00e9-C\u0153ur, la c\u00e9l\u00e8bre Place des Abbesses va se transformer en un village 100% Aveyronnais pour faire d\u00e9couvrir notre magnifique r\u00e9gion, ses produits r\u00e9gionaux autour de 25 producteurs, des animations folkloriques et la pr\u00e9sence du groupe 100% Ruth\u00e9nois : Les D\u00e9ryves Montmartre accueil la premi\u00e8re Coupe du Monde de Fil d&rsquo;Aligot Cet \u00e9v\u00e9nement marquera aussi l\u2019organisation de la premi\u00e8re Coupe du Monde de Fil d\u2019Aligot, une comp\u00e9tition officielle qui r\u00e9unit pour la premi\u00e8re fois les trois derniers d\u00e9tenteurs du record du monde de la discipline. L&rsquo;\u00e9v\u00e9nement aura lieu le samedi 24 juin 2023 \u00e0 partir de 16h30. Jo Di Bona, Parrain du Mont Aveyron 2023 L&rsquo;artiste de Street art est un proche de l&rsquo;Aveyron. Jo Di Bona a notamment participer au grand festival de Street Art de Decazeville. et l&rsquo;artiste a \u00e0 accepter d&rsquo;\u00eatre le parrain de Montmartre. En plus de la magnifique affiche qu&rsquo;il va r\u00e9aliser pour l&rsquo;occasion, il ex\u00e9cutera le dimanche 25 juin de 8h \u00e0 18h, un Live-Art sur la place en r\u00e9alisant une \u0153uvre de 2,50 m\u00e8tres de hauteur par 5 m\u00e8tres de long pour rendre hommage au peintre aveyronnais: Pierre Soulages. Rendez-vous les 24 et 25 juin 2023 L&rsquo;\u00e9quipe du cercle Aveyronnais de Montmartre est heureuse de vous inviter \u00e0 ce grand week-end de f\u00eate et de challenges. En organisant le Mont-Aveyron, chacun d&rsquo;entre nous veut rendre \u00e0 l&rsquo;Aveyron ce qu&rsquo;il nous donne, alors cet \u00e9v\u00e9nement est aussi le votre : Nous comptons sur vous ! Amiti\u00e9s Aveyronnaises, Thierry Campion, Benjamin RIOT, Franck De Bona<\/p>\n","protected":false},"author":3,"featured_media":0,"comment_status":"open","ping_status":"open","sticky":false,"template":"","format":"gallery","meta":{"footnotes":""},"categories":[1],"tags":[],"class_list":["post-968","post","type-post","status-publish","format-gallery","hentry","category-news","post_format-post-format-gallery"],"acf":[],"_links":{"self":[{"href":"https:\/\/mont-aveyron.com\/index.php\/wp-json\/wp\/v2\/posts\/968","targetHints":{"allow":["GET"]}}],"collection":[{"href":"https:\/\/mont-aveyron.com\/index.php\/wp-json\/wp\/v2\/posts"}],"about":[{"href":"https:\/\/mont-aveyron.com\/index.php\/wp-json\/wp\/v2\/types\/post"}],"author":[{"embeddable":true,"href":"https:\/\/mont-aveyron.com\/index.php\/wp-json\/wp\/v2\/users\/3"}],"replies":[{"embeddable":true,"href":"https:\/\/mont-aveyron.com\/index.php\/wp-json\/wp\/v2\/comments?post=968"}],"version-history":[{"count":15,"href":"https:\/\/mont-aveyron.com\/index.php\/wp-json\/wp\/v2\/posts\/968\/revisions"}],"predecessor-version":[{"id":1061,"href":"https:\/\/mont-aveyron.com\/index.php\/wp-json\/wp\/v2\/posts\/968\/revisions\/1061"}],"wp:attachment":[{"href":"https:\/\/mont-aveyron.com\/index.php\/wp-json\/wp\/v2\/media?parent=968"}],"wp:term":[{"taxonomy":"category","embeddable":true,"href":"https:\/\/mont-aveyron.com\/index.php\/wp-json\/wp\/v2\/categories?post=968"},{"taxonomy":"post_tag","embeddable":true,"href":"https:\/\/mont-aveyron.com\/index.php\/wp-json\/wp\/v2\/tags?post=968"}],"curies":[{"name":"wp","href":"https:\/\/api.w.org\/{rel}","templated":true}]}}