{"id":1263,"date":"2023-06-15T16:49:51","date_gmt":"2023-06-15T14:49:51","guid":{"rendered":"http:\/\/mont-aveyron.com\/?p=1263"},"modified":"2023-06-15T16:49:51","modified_gmt":"2023-06-15T14:49:51","slug":"conquet-une-histoire-de-famille","status":"publish","type":"post","link":"https:\/\/mont-aveyron.com\/index.php\/2023\/06\/15\/conquet-une-histoire-de-famille\/","title":{"rendered":"CONQUET, UNE HISTOIRE DE FAMILLE"},"content":{"rendered":"\n<figure class=\"wp-block-gallery has-nested-images columns-default is-cropped wp-block-gallery-1 is-layout-flex wp-block-gallery-is-layout-flex\">\n<figure class=\"wp-block-image size-large\"><img loading=\"lazy\" decoding=\"async\" width=\"1024\" height=\"683\" data-id=\"1264\" src=\"http:\/\/mont-aveyron.com\/wp-content\/uploads\/2023\/06\/maison-conquet-10.jpg\" alt=\"\" class=\"wp-image-1264\" srcset=\"https:\/\/mont-aveyron.com\/wp-content\/uploads\/2023\/06\/maison-conquet-10.jpg 1024w, https:\/\/mont-aveyron.com\/wp-content\/uploads\/2023\/06\/maison-conquet-10-300x200.jpg 300w, https:\/\/mont-aveyron.com\/wp-content\/uploads\/2023\/06\/maison-conquet-10-768x512.jpg 768w\" sizes=\"auto, (max-width: 1024px) 100vw, 1024px\" \/><\/figure>\n<\/figure>\n\n\n\n<h2 class=\"wp-block-heading has-text-align-center has-white-color has-vivid-purple-background-color has-text-color has-background\">AU COEUR DE L&rsquo;AUBRAC <\/h2>\n\n\n\n<p>La maison Conquet, c\u2019est tout une histoire \u00e0 Laguiole depuis 3 g\u00e9n\u00e9rations. La c\u00e9l\u00e8bre boucherie du centre de Laguiole est une r\u00e9f\u00e9rence \u00e0 Paris dans le milieu de la restauration. Ma maison d\u00e9fend la viande de l\u2019Aubrac bien sur et elle en est d\u2019ailleurs l\u2019une de ses portes drapeaux. Mais ce n\u2019est pas tout car tripoux, agneaux, terrines, foie gras et la c\u00e9l\u00e8bre saucisse Aveyronnaise, valent le d\u00e9tour.<\/p>\n\n\n\n<p>Rencontre avec Casimir et Justine&nbsp;: &nbsp;<\/p>\n\n\n\n<h2 class=\"wp-block-heading has-text-align-center has-white-color has-vivid-purple-background-color has-text-color has-background\">LA TROISI\u00c8ME G\u00c9N\u00c9RATION<\/h2>\n\n\n\n<p><strong>La maison Conquet est une institution \u00e0 Laguiole, comment est n\u00e9e votre histoire&nbsp;?<\/strong><\/p>\n\n\n\n<p>Notre histoire a commenc\u00e9 en 1950 avec notre Grand-p\u00e8re qui avait une boucherie-charcuterie dans un petit village au c\u0153ur de l\u2019Aubrac \u00e0 Lacalm. En 1965, il ouvre une deuxi\u00e8me boucherie \u00e0 Laguiole et dans les ann\u00e9es 80, il s\u2019associe avec deux de ses fils Andr\u00e9 et Lucien. Dans ces ann\u00e9es-l\u00e0, la Maison est reconnue essentiellement pour sa charcuterie. Dans les ann\u00e9es 90-2000, Lucien et son fr\u00e8re cr\u00e9ent leur atelier de d\u00e9coupe dans la zone artisanale de Laguiole et s\u2019associent avec des \u00e9leveurs et un abattoir pour cr\u00e9er le label rouge B\u0153uf fermier Aubrac. La Maison Conquet voit alors son activit\u00e9 se d\u00e9velopper et exp\u00e9die ses produits dans toute la France.<\/p>\n\n\n\n<p>Aujourd\u2019hui, c\u2019est la 3\u00e8me g\u00e9n\u00e9ration qui a pris le relais&nbsp;:&nbsp;\u00ab&nbsp;Nous sommes fiers d\u2019\u00eatre pr\u00e9sents avec notre viande et notre charcuterie sur les tables des brasseries parisiennes \u00bb. L\u2019histoire continue \u00e0 s\u2019\u00e9crire dans le respect des traditions de l\u2019Aubrac.<\/p>\n\n\n\n<p><strong>Qu\u2019est-ce que la viande de l\u2019Aubrac a comme particularit\u00e9 pour \u00eatre aussi c\u00e9l\u00e8bre&nbsp;?<\/strong><\/p>\n\n\n\n<p>&nbsp;\u00c0 la maison Conquet, nous travaillons une seule race de viande de b\u0153uf : l\u2019Aubrac. Le berceau de cette race rustique se situe sur le plateau de l\u2019Aubrac. Notre territoire a naturellement une flore riche et vari\u00e9e dont les animaux se nourrissent toute l&rsquo;ann\u00e9e. Cette alimentation d&rsquo;exception permet un r\u00e9sultat gustatif remarquable. Les caract\u00e9ristiques de la viande Aubrac sont&nbsp;: une couleur rouge vif, un grain fin, une l\u00e9g\u00e8re m\u00e2che et un gras persill\u00e9 fondant en bouche.<\/p>\n\n\n\n<p><strong>Pourquoi avoir choisi de venir sur le Mont-Aveyron cette ann\u00e9e\u00a0?<\/strong><\/p>\n\n\n\n<p>On ne peut pas manquer les rendez-vous aveyronnais \u00e0 la capitale\u00a0! C\u2019est toujours un plaisir de venir rencontrer notre fid\u00e8le client\u00e8le parisienne. Ce march\u00e9 est l\u2019occasion de promouvoir notre d\u00e9partement et nos produits dans ce c\u00e9l\u00e8bre quartier de Paris. Nous sommes heureux et avons h\u00e2te de venir d\u00e9couvrir ce nouveau salon pour bien commencer la p\u00e9riode estivale.<\/p>\n\n\n\n<p><\/p>\n\n\n<div class=\"wp-block-image\">\n<figure class=\"aligncenter size-large\"><img loading=\"lazy\" decoding=\"async\" width=\"1024\" height=\"683\" src=\"http:\/\/mont-aveyron.com\/wp-content\/uploads\/2023\/06\/2017-famille-conquet-1024x683.jpg\" alt=\"\" class=\"wp-image-1265\" srcset=\"https:\/\/mont-aveyron.com\/wp-content\/uploads\/2023\/06\/2017-famille-conquet-1024x683.jpg 1024w, https:\/\/mont-aveyron.com\/wp-content\/uploads\/2023\/06\/2017-famille-conquet-300x200.jpg 300w, https:\/\/mont-aveyron.com\/wp-content\/uploads\/2023\/06\/2017-famille-conquet-768x512.jpg 768w, https:\/\/mont-aveyron.com\/wp-content\/uploads\/2023\/06\/2017-famille-conquet-1536x1024.jpg 1536w, https:\/\/mont-aveyron.com\/wp-content\/uploads\/2023\/06\/2017-famille-conquet-2048x1366.jpg 2048w, https:\/\/mont-aveyron.com\/wp-content\/uploads\/2023\/06\/2017-famille-conquet-1140x760.jpg 1140w\" sizes=\"auto, (max-width: 1024px) 100vw, 1024px\" \/><\/figure>\n<\/div>\n\n\n<p><strong>Qu\u2019allez-vous proposer sur votre stand&nbsp;?<\/strong><\/p>\n\n\n\n<p>Sur ce march\u00e9, nous allons proposer notre Charcuterie maison (Saucisson sec, Fricandeau, Jambon, P\u00e2t\u00e9 en cro\u00fbte \u2026) ainsi que notre Viande de B\u0153uf race Aubrac. Pour d\u00e9guster sur place, nous grillerons notre traditionnelle Saucisse fraiche pour accompagner de l\u2019Aligot de l\u2019Aubrac de Jeune Montagne. Et au vu du programme festif nous proposerons \u00e9galement nos cornets de charcuterie&nbsp;!<\/p>\n\n\n\n<p><strong>La coupe du monde de fil d\u2019Aligot, on en parle \u00e0 Laguiole&nbsp;?<\/strong><\/p>\n\n\n\n<p>Pour le moment, il n\u2019y a que des bruits de couloir mais la 1\u00e8re \u00e9dition devrait faciliter sa diffusion. Sachez qu\u2019\u00e0 Laguiole, le record du fil le plus long a \u00e9t\u00e9 \u00e9tabli en juillet 2022 par notre l\u00e9gendaire \u00ab&nbsp;Jeannot&nbsp;\u00bb lors de la F\u00eate du Laguiole organis\u00e9 par Jeune Montagne.<\/p>\n\n\n\n<p><strong>Les montagnes ne vont pas vous manquer \u00e0 Montmartre\u00a0?<\/strong> Oh que si, surtout en cette saison o\u00f9 la floraison rend les paysages magiques\u00a0! Pour nous, les Aubraciens, c\u2019est toujours un d\u00e9chirement de laisser nos belles Aubrac et notre plateau mais le temps d\u2019un week-end nous devrions survivre, ah ah\u00a0! Surtout, nous sommes s\u00fbrs d\u2019\u00eatre bien accueillis par nos amis les aveyronnais de Montmartre.<\/p>\n\n\n<div class=\"wp-block-image\">\n<figure class=\"aligncenter size-large\"><img loading=\"lazy\" decoding=\"async\" width=\"683\" height=\"1024\" src=\"http:\/\/mont-aveyron.com\/wp-content\/uploads\/2023\/06\/maison-conquet-13-683x1024.jpg\" alt=\"\" class=\"wp-image-1266\" srcset=\"https:\/\/mont-aveyron.com\/wp-content\/uploads\/2023\/06\/maison-conquet-13-683x1024.jpg 683w, https:\/\/mont-aveyron.com\/wp-content\/uploads\/2023\/06\/maison-conquet-13-200x300.jpg 200w, https:\/\/mont-aveyron.com\/wp-content\/uploads\/2023\/06\/maison-conquet-13-768x1152.jpg 768w, https:\/\/mont-aveyron.com\/wp-content\/uploads\/2023\/06\/maison-conquet-13.jpg 1024w\" sizes=\"auto, (max-width: 683px) 100vw, 683px\" \/><\/figure>\n<\/div>","protected":false},"excerpt":{"rendered":"<p>AU COEUR DE L&rsquo;AUBRAC La maison Conquet, c\u2019est tout une histoire \u00e0 Laguiole depuis 3 g\u00e9n\u00e9rations. La c\u00e9l\u00e8bre boucherie du centre de Laguiole est une r\u00e9f\u00e9rence \u00e0 Paris dans le milieu de la restauration. Ma maison d\u00e9fend la viande de l\u2019Aubrac bien sur et elle en est d\u2019ailleurs l\u2019une de ses portes drapeaux. Mais ce n\u2019est pas tout car tripoux, agneaux, terrines, foie gras et la c\u00e9l\u00e8bre saucisse Aveyronnaise, valent le d\u00e9tour. Rencontre avec Casimir et Justine&nbsp;: &nbsp; LA TROISI\u00c8ME G\u00c9N\u00c9RATION La maison Conquet est une institution \u00e0 Laguiole, comment est n\u00e9e votre histoire&nbsp;? Notre histoire a commenc\u00e9 en 1950 avec notre Grand-p\u00e8re qui avait une boucherie-charcuterie dans un petit village au c\u0153ur de l\u2019Aubrac \u00e0 Lacalm. En 1965, il ouvre une deuxi\u00e8me boucherie \u00e0 Laguiole et dans les ann\u00e9es 80, il s\u2019associe avec deux de ses fils Andr\u00e9 et Lucien. Dans ces ann\u00e9es-l\u00e0, la Maison est reconnue essentiellement pour sa charcuterie. Dans les ann\u00e9es 90-2000, Lucien et son fr\u00e8re cr\u00e9ent leur atelier de d\u00e9coupe dans la zone artisanale de Laguiole et s\u2019associent avec des \u00e9leveurs et un abattoir pour cr\u00e9er le label rouge B\u0153uf fermier Aubrac. La Maison Conquet voit alors son activit\u00e9 se d\u00e9velopper et exp\u00e9die ses produits dans toute la France. Aujourd\u2019hui, c\u2019est la 3\u00e8me g\u00e9n\u00e9ration qui a pris le relais&nbsp;:&nbsp;\u00ab&nbsp;Nous sommes fiers d\u2019\u00eatre pr\u00e9sents avec notre viande et notre charcuterie sur les tables des brasseries parisiennes \u00bb. L\u2019histoire continue \u00e0 s\u2019\u00e9crire dans le respect des traditions de l\u2019Aubrac. Qu\u2019est-ce que la viande de l\u2019Aubrac a comme particularit\u00e9 pour \u00eatre aussi c\u00e9l\u00e8bre&nbsp;? &nbsp;\u00c0 la maison Conquet, nous travaillons une seule race de viande de b\u0153uf : l\u2019Aubrac. Le berceau de cette race rustique se situe sur le plateau de l\u2019Aubrac. Notre territoire a naturellement une flore riche et vari\u00e9e dont les animaux se nourrissent toute l&rsquo;ann\u00e9e. Cette alimentation d&rsquo;exception permet un r\u00e9sultat gustatif remarquable. Les caract\u00e9ristiques de la viande Aubrac sont&nbsp;: une couleur rouge vif, un grain fin, une l\u00e9g\u00e8re m\u00e2che et un gras persill\u00e9 fondant en bouche. Pourquoi avoir choisi de venir sur le Mont-Aveyron cette ann\u00e9e\u00a0? On ne peut pas manquer les rendez-vous aveyronnais \u00e0 la capitale\u00a0! C\u2019est toujours un plaisir de venir rencontrer notre fid\u00e8le client\u00e8le parisienne. Ce march\u00e9 est l\u2019occasion de promouvoir notre d\u00e9partement et nos produits dans ce c\u00e9l\u00e8bre quartier de Paris. Nous sommes heureux et avons h\u00e2te de venir d\u00e9couvrir ce nouveau salon pour bien commencer la p\u00e9riode estivale. Qu\u2019allez-vous proposer sur votre stand&nbsp;? Sur ce march\u00e9, nous allons proposer notre Charcuterie maison (Saucisson sec, Fricandeau, Jambon, P\u00e2t\u00e9 en cro\u00fbte \u2026) ainsi que notre Viande de B\u0153uf race Aubrac. Pour d\u00e9guster sur place, nous grillerons notre traditionnelle Saucisse fraiche pour accompagner de l\u2019Aligot de l\u2019Aubrac de Jeune Montagne. Et au vu du programme festif nous proposerons \u00e9galement nos cornets de charcuterie&nbsp;! La coupe du monde de fil d\u2019Aligot, on en parle \u00e0 Laguiole&nbsp;? Pour le moment, il n\u2019y a que des bruits de couloir mais la 1\u00e8re \u00e9dition devrait faciliter sa diffusion. Sachez qu\u2019\u00e0 Laguiole, le record du fil le plus long a \u00e9t\u00e9 \u00e9tabli en juillet 2022 par notre l\u00e9gendaire \u00ab&nbsp;Jeannot&nbsp;\u00bb lors de la F\u00eate du Laguiole organis\u00e9 par Jeune Montagne. Les montagnes ne vont pas vous manquer \u00e0 Montmartre\u00a0? Oh que si, surtout en cette saison o\u00f9 la floraison rend les paysages magiques\u00a0! Pour nous, les Aubraciens, c\u2019est toujours un d\u00e9chirement de laisser nos belles Aubrac et notre plateau mais le temps d\u2019un week-end nous devrions survivre, ah ah\u00a0! Surtout, nous sommes s\u00fbrs d\u2019\u00eatre bien accueillis par nos amis les aveyronnais de Montmartre.<\/p>\n","protected":false},"author":1,"featured_media":0,"comment_status":"open","ping_status":"open","sticky":false,"template":"","format":"gallery","meta":{"footnotes":""},"categories":[1],"tags":[],"class_list":["post-1263","post","type-post","status-publish","format-gallery","hentry","category-news","post_format-post-format-gallery"],"acf":[],"_links":{"self":[{"href":"https:\/\/mont-aveyron.com\/index.php\/wp-json\/wp\/v2\/posts\/1263","targetHints":{"allow":["GET"]}}],"collection":[{"href":"https:\/\/mont-aveyron.com\/index.php\/wp-json\/wp\/v2\/posts"}],"about":[{"href":"https:\/\/mont-aveyron.com\/index.php\/wp-json\/wp\/v2\/types\/post"}],"author":[{"embeddable":true,"href":"https:\/\/mont-aveyron.com\/index.php\/wp-json\/wp\/v2\/users\/1"}],"replies":[{"embeddable":true,"href":"https:\/\/mont-aveyron.com\/index.php\/wp-json\/wp\/v2\/comments?post=1263"}],"version-history":[{"count":1,"href":"https:\/\/mont-aveyron.com\/index.php\/wp-json\/wp\/v2\/posts\/1263\/revisions"}],"predecessor-version":[{"id":1267,"href":"https:\/\/mont-aveyron.com\/index.php\/wp-json\/wp\/v2\/posts\/1263\/revisions\/1267"}],"wp:attachment":[{"href":"https:\/\/mont-aveyron.com\/index.php\/wp-json\/wp\/v2\/media?parent=1263"}],"wp:term":[{"taxonomy":"category","embeddable":true,"href":"https:\/\/mont-aveyron.com\/index.php\/wp-json\/wp\/v2\/categories?post=1263"},{"taxonomy":"post_tag","embeddable":true,"href":"https:\/\/mont-aveyron.com\/index.php\/wp-json\/wp\/v2\/tags?post=1263"}],"curies":[{"name":"wp","href":"https:\/\/api.w.org\/{rel}","templated":true}]}}