{"id":1195,"date":"2023-04-29T15:26:40","date_gmt":"2023-04-29T13:26:40","guid":{"rendered":"http:\/\/mont-aveyron.com\/?p=1195"},"modified":"2023-05-04T11:43:34","modified_gmt":"2023-05-04T09:43:34","slug":"jo-di-bona-a-laffiche-du-mont-aveyron-2023","status":"publish","type":"post","link":"https:\/\/mont-aveyron.com\/index.php\/2023\/04\/29\/jo-di-bona-a-laffiche-du-mont-aveyron-2023\/","title":{"rendered":"JO DI BONA \u00c0 L\u2019AFFICHE DU MONT AVEYRON"},"content":{"rendered":"\n<h2 class=\"wp-block-heading has-text-align-center has-white-color has-vivid-purple-background-color has-text-color has-background has-large-font-size\">Le parrain de l&rsquo;\u00e9v\u00e9nement <\/h2>\n\n\n\n<p>La f\u00eate Aveyronnaise va accueillir la premi\u00e8re <strong>coupe du monde du plus long fil d\u2019aligot<\/strong>, \u00ab&nbsp;une Affaire Nationale&nbsp;\u00bb dans le sud du Massif Central. Et cette comp\u00e9tition est prise aussi tr\u00e8s au s\u00e9rieux par <strong>Jo Di Bona&nbsp;!<\/strong> Le c\u00e9l\u00e8bre artiste de Street Art a accept\u00e9 de parrainer cette premi\u00e8re \u00e9dition en dessinant l\u2019affiche de l\u2019\u00e9v\u00e9nement.<br>&nbsp;<br>Et pour cette grande premi\u00e8re notre parrain a fait des merveilles. Sa station de m\u00e9tro des <strong>Abbesses<\/strong> en version Street Art est un vrai bijou. Oui, notre parrain nous a g\u00e2t\u00e9 car il suffit de de s\u2019approcher pour voir une multitude de d\u00e9tails qui nous confirment que <strong>Montmartre et l\u2019Aveyron <\/strong>sont faits pour s\u2019associer, un savoureux m\u00e9lange&nbsp;!<\/p>\n\n\n\n<figure class=\"wp-block-gallery has-nested-images columns-default is-cropped wp-block-gallery-1 is-layout-flex wp-block-gallery-is-layout-flex\">\n<figure class=\"wp-block-image size-large\"><img loading=\"lazy\" decoding=\"async\" width=\"512\" height=\"1024\" data-id=\"1209\" src=\"http:\/\/mont-aveyron.com\/wp-content\/uploads\/2023\/04\/Affiche-30x60-cm-512x1024.jpg\" alt=\"\" class=\"wp-image-1209\" srcset=\"https:\/\/mont-aveyron.com\/wp-content\/uploads\/2023\/04\/Affiche-30x60-cm-512x1024.jpg 512w, https:\/\/mont-aveyron.com\/wp-content\/uploads\/2023\/04\/Affiche-30x60-cm-150x300.jpg 150w, https:\/\/mont-aveyron.com\/wp-content\/uploads\/2023\/04\/Affiche-30x60-cm-768x1536.jpg 768w, https:\/\/mont-aveyron.com\/wp-content\/uploads\/2023\/04\/Affiche-30x60-cm-1024x2048.jpg 1024w, https:\/\/mont-aveyron.com\/wp-content\/uploads\/2023\/04\/Affiche-30x60-cm.jpg 1087w\" sizes=\"auto, (max-width: 512px) 100vw, 512px\" \/><\/figure>\n<\/figure>\n\n\n\n<hr class=\"wp-block-separator has-alpha-channel-opacity\"\/>\n\n\n\n<h2 class=\"wp-block-heading has-text-align-center has-white-color has-vivid-purple-background-color has-text-color has-background has-large-font-size\">Retrouvez Jo Di Bona en Live le 25 juin 2023<\/h2>\n\n\n\n<p><strong>Jo Di Bona<\/strong> sera \u00e0 l\u2019honneur le dimanche 25 juin 2023 pour un \u00ab Live \u00bb de 10 heures. Il va ainsi rendre hommage au c\u00e9l\u00e8bre peintre aveyronnais <strong>Pierre Soulages<\/strong> qu\u2019il adore. Une performance, puisqu\u2019il va peindre un mur en bois aux dimensions de 5 m\u00e8tres de large par 2,50 m\u00e8tres de haut dress\u00e9 pour l\u2019occasion. Ainsi pour pourrait retrouver notre parrain sur la place des <strong>Abbesses<\/strong> \u00e0 partir de 8h du matin pour ceux qui ne veulent rien louper de cet exploit !<\/p>\n\n\n<div class=\"wp-block-image\">\n<figure class=\"aligncenter size-full\"><img loading=\"lazy\" decoding=\"async\" width=\"800\" height=\"534\" src=\"http:\/\/mont-aveyron.com\/wp-content\/uploads\/2023\/05\/Jo-Di-Bona.jpg\" alt=\"\" class=\"wp-image-1229\" srcset=\"https:\/\/mont-aveyron.com\/wp-content\/uploads\/2023\/05\/Jo-Di-Bona.jpg 800w, https:\/\/mont-aveyron.com\/wp-content\/uploads\/2023\/05\/Jo-Di-Bona-300x200.jpg 300w, https:\/\/mont-aveyron.com\/wp-content\/uploads\/2023\/05\/Jo-Di-Bona-768x513.jpg 768w\" sizes=\"auto, (max-width: 800px) 100vw, 800px\" \/><\/figure>\n<\/div>","protected":false},"excerpt":{"rendered":"<p>Le parrain de l&rsquo;\u00e9v\u00e9nement La f\u00eate Aveyronnaise va accueillir la premi\u00e8re coupe du monde du plus long fil d\u2019aligot, \u00ab&nbsp;une Affaire Nationale&nbsp;\u00bb dans le sud du Massif Central. Et cette comp\u00e9tition est prise aussi tr\u00e8s au s\u00e9rieux par Jo Di Bona&nbsp;! Le c\u00e9l\u00e8bre artiste de Street Art a accept\u00e9 de parrainer cette premi\u00e8re \u00e9dition en dessinant l\u2019affiche de l\u2019\u00e9v\u00e9nement.&nbsp;Et pour cette grande premi\u00e8re notre parrain a fait des merveilles. Sa station de m\u00e9tro des Abbesses en version Street Art est un vrai bijou. Oui, notre parrain nous a g\u00e2t\u00e9 car il suffit de de s\u2019approcher pour voir une multitude de d\u00e9tails qui nous confirment que Montmartre et l\u2019Aveyron sont faits pour s\u2019associer, un savoureux m\u00e9lange&nbsp;! Retrouvez Jo Di Bona en Live le 25 juin 2023 Jo Di Bona sera \u00e0 l\u2019honneur le dimanche 25 juin 2023 pour un \u00ab Live \u00bb de 10 heures. Il va ainsi rendre hommage au c\u00e9l\u00e8bre peintre aveyronnais Pierre Soulages qu\u2019il adore. Une performance, puisqu\u2019il va peindre un mur en bois aux dimensions de 5 m\u00e8tres de large par 2,50 m\u00e8tres de haut dress\u00e9 pour l\u2019occasion. Ainsi pour pourrait retrouver notre parrain sur la place des Abbesses \u00e0 partir de 8h du matin pour ceux qui ne veulent rien louper de cet exploit !<\/p>\n","protected":false},"author":3,"featured_media":0,"comment_status":"open","ping_status":"open","sticky":false,"template":"","format":"gallery","meta":{"footnotes":""},"categories":[1],"tags":[],"class_list":["post-1195","post","type-post","status-publish","format-gallery","hentry","category-news","post_format-post-format-gallery"],"acf":[],"_links":{"self":[{"href":"https:\/\/mont-aveyron.com\/index.php\/wp-json\/wp\/v2\/posts\/1195","targetHints":{"allow":["GET"]}}],"collection":[{"href":"https:\/\/mont-aveyron.com\/index.php\/wp-json\/wp\/v2\/posts"}],"about":[{"href":"https:\/\/mont-aveyron.com\/index.php\/wp-json\/wp\/v2\/types\/post"}],"author":[{"embeddable":true,"href":"https:\/\/mont-aveyron.com\/index.php\/wp-json\/wp\/v2\/users\/3"}],"replies":[{"embeddable":true,"href":"https:\/\/mont-aveyron.com\/index.php\/wp-json\/wp\/v2\/comments?post=1195"}],"version-history":[{"count":14,"href":"https:\/\/mont-aveyron.com\/index.php\/wp-json\/wp\/v2\/posts\/1195\/revisions"}],"predecessor-version":[{"id":1232,"href":"https:\/\/mont-aveyron.com\/index.php\/wp-json\/wp\/v2\/posts\/1195\/revisions\/1232"}],"wp:attachment":[{"href":"https:\/\/mont-aveyron.com\/index.php\/wp-json\/wp\/v2\/media?parent=1195"}],"wp:term":[{"taxonomy":"category","embeddable":true,"href":"https:\/\/mont-aveyron.com\/index.php\/wp-json\/wp\/v2\/categories?post=1195"},{"taxonomy":"post_tag","embeddable":true,"href":"https:\/\/mont-aveyron.com\/index.php\/wp-json\/wp\/v2\/tags?post=1195"}],"curies":[{"name":"wp","href":"https:\/\/api.w.org\/{rel}","templated":true}]}}